{"id":3065,"date":"2025-05-19T15:30:04","date_gmt":"2025-05-19T15:30:04","guid":{"rendered":"https:\/\/delirio.com.co\/?p=3065"},"modified":"2025-05-19T15:32:08","modified_gmt":"2025-05-19T15:32:08","slug":"y-entonces-que-es-lo-que-somos","status":"publish","type":"post","link":"https:\/\/delirio.com.co\/en\/2025\/05\/19\/y-entonces-que-es-lo-que-somos\/","title":{"rendered":"Y entonces, \u00bfqu\u00e9 es lo que somos?"},"content":{"rendered":"<p class=\"has-black-color has-text-color has-link-color wp-elements-ecae90f2cceaca5462193b8b416ab05f\" style=\"font-size:17px\">Cuando la gente piensa en Cali, <strong>es inevitable que la salsa sea lo primero que viene a su mente.<\/strong> No es casualidad que se nos conozca como la capital mundial de la salsa, ni que la salsa cale\u00f1a haya sido reconocida como <strong>patrimonio cultural e inmaterial de Colombia.\u00a0<\/strong><\/p>\n\n\n\n<p class=\"has-black-color has-text-color has-link-color wp-elements-6e27be3ab714400a259ff926f2ad1f5c\" style=\"font-size:17px\"><br>En ese escenario nace <strong>Delirio: el espect\u00e1culo de salsa m\u00e1s grande del mundo, <\/strong>hecho y presentado con orgullo en Cali, pero Delirio es mucho m\u00e1s que un show de salsa. Desde hace 19 a\u00f1os creamos <strong>una ecuaci\u00f3n sin precedentes compuesta por la salsa, el circo y la orquesta,<\/strong> convirti\u00e9ndonos en el primer espect\u00e1culo tipo cabaret de salsa cale\u00f1a en la ciudad, un sue\u00f1o que se hizo realidad con el prop\u00f3sito de promocionar la cultura popular cale\u00f1a, promocionar su identidad festiva ante el mundo y contribuir a crear un modelo de industria creativa que facilite un espacio para que <strong>los artistas encuentren en su arte un oficio y el reconocimiento profesional.<\/strong><\/p>\n\n\n\n<div style=\"height:30px\" aria-hidden=\"true\" class=\"wp-block-spacer\"><\/div>\n\n\n<div class=\"wp-block-image\">\n<figure class=\"aligncenter size-large is-resized\"><img loading=\"lazy\" decoding=\"async\" width=\"1024\" height=\"683\" src=\"https:\/\/delirio.com.co\/wp-content\/uploads\/2025\/05\/Show-de-salsa-en-Cali-1024x683.jpg\" alt=\"\" class=\"wp-image-3066\" style=\"object-fit:cover;width:675px;height:470px\" srcset=\"https:\/\/delirio.com.co\/wp-content\/uploads\/2025\/05\/Show-de-salsa-en-Cali-1024x683.jpg 1024w, https:\/\/delirio.com.co\/wp-content\/uploads\/2025\/05\/Show-de-salsa-en-Cali-300x200.jpg 300w, https:\/\/delirio.com.co\/wp-content\/uploads\/2025\/05\/Show-de-salsa-en-Cali-768x512.jpg 768w, https:\/\/delirio.com.co\/wp-content\/uploads\/2025\/05\/Show-de-salsa-en-Cali-1536x1024.jpg 1536w, https:\/\/delirio.com.co\/wp-content\/uploads\/2025\/05\/Show-de-salsa-en-Cali-2048x1365.jpg 2048w, https:\/\/delirio.com.co\/wp-content\/uploads\/2025\/05\/Show-de-salsa-en-Cali-18x12.jpg 18w\" sizes=\"auto, (max-width: 1024px) 100vw, 1024px\" \/><figcaption class=\"wp-element-caption\">Carpa Delirio<br>Cali, Colombia<\/figcaption><\/figure>\n<\/div>\n\n\n<div style=\"height:60px\" aria-hidden=\"true\" class=\"wp-block-spacer\"><\/div>\n\n\n\n<p class=\"has-black-color has-text-color has-link-color wp-elements-aeea43bea1534cce63ceedca6590619b\" style=\"font-size:17px\"><strong>De Cali para el mundo<\/strong><\/p>\n\n\n\n<div style=\"height:30px\" aria-hidden=\"true\" class=\"wp-block-spacer\"><\/div>\n\n\n\n<p class=\"has-black-color has-text-color has-link-color wp-elements-a0c1703a29d6c4496ffe67e0eb8c7b11\" style=\"font-size:17px\">Imag\u00ednate entrar a un universo donde la magia sucede bajo una lona circense. Nuestra <strong>Carpa Delirio<\/strong> es ese lugar, un espacio emblem\u00e1tico donde la energ\u00eda de nuestros artistas se fusiona con la pasi\u00f3n de quienes nos visitan. El \u00faltimo viernes de cada mes, Delirio deleita a su <strong>p\u00fablico compuesto por 1.700<\/strong> <strong>personas<\/strong> a trav\u00e9s del talento de m\u00e1s de <strong>150 artistas<\/strong> entre bailarines, m\u00fasicos y artistas de circo que son la cara visible de un colectivo de m\u00e1s de <strong>500 personas.<\/strong><\/p>\n\n\n\n<p class=\"has-black-color has-text-color has-link-color wp-elements-3532e2f701601ed058bfe0db53b47773\" style=\"font-size:17px\">Y para todas las familias, Delirio cre\u00f3 el <strong>Paseo de la Aurora, el primer parque de las arte esc\u00e9nicas de Colombia.<\/strong> Un lugar \u00fanico, seguro y divertido, para que grandes, chicos y mascotas disfruten con amigos y familia de una tarde vallecaucana como ninguna otra. Nuestro parque es una manifestaci\u00f3n de nuestra alegr\u00eda contagiosa, una invitaci\u00f3n a vivir la salsa y el arte de una manera diferente y profundamente conectada con el entorno.<\/p>\n\n\n\n<div style=\"height:30px\" aria-hidden=\"true\" class=\"wp-block-spacer\"><\/div>\n\n\n<div class=\"wp-block-image\">\n<figure class=\"aligncenter size-large is-resized\"><img loading=\"lazy\" decoding=\"async\" width=\"1024\" height=\"683\" src=\"https:\/\/delirio.com.co\/wp-content\/uploads\/2025\/05\/El-mejor-show-de-salsa-en-Cali-1024x683.jpg\" alt=\"\" class=\"wp-image-3067\" style=\"object-fit:contain;width:675px;height:470px\" srcset=\"https:\/\/delirio.com.co\/wp-content\/uploads\/2025\/05\/El-mejor-show-de-salsa-en-Cali-1024x683.jpg 1024w, https:\/\/delirio.com.co\/wp-content\/uploads\/2025\/05\/El-mejor-show-de-salsa-en-Cali-300x200.jpg 300w, https:\/\/delirio.com.co\/wp-content\/uploads\/2025\/05\/El-mejor-show-de-salsa-en-Cali-768x512.jpg 768w, https:\/\/delirio.com.co\/wp-content\/uploads\/2025\/05\/El-mejor-show-de-salsa-en-Cali-1536x1024.jpg 1536w, https:\/\/delirio.com.co\/wp-content\/uploads\/2025\/05\/El-mejor-show-de-salsa-en-Cali-2048x1365.jpg 2048w, https:\/\/delirio.com.co\/wp-content\/uploads\/2025\/05\/El-mejor-show-de-salsa-en-Cali-18x12.jpg 18w\" sizes=\"auto, (max-width: 1024px) 100vw, 1024px\" \/><figcaption class=\"wp-element-caption\">Carpa Delirio<br>Cali, Colombia<\/figcaption><\/figure>\n<\/div>\n\n<div class=\"wp-block-image\">\n<figure class=\"aligncenter size-large is-resized\"><img loading=\"lazy\" decoding=\"async\" width=\"1024\" height=\"683\" src=\"https:\/\/delirio.com.co\/wp-content\/uploads\/2025\/05\/Que-hacer-en-Cali-1-1024x683.jpg\" alt=\"\" class=\"wp-image-3069\" style=\"object-fit:contain;width:675px;height:470px\" srcset=\"https:\/\/delirio.com.co\/wp-content\/uploads\/2025\/05\/Que-hacer-en-Cali-1-1024x683.jpg 1024w, https:\/\/delirio.com.co\/wp-content\/uploads\/2025\/05\/Que-hacer-en-Cali-1-300x200.jpg 300w, https:\/\/delirio.com.co\/wp-content\/uploads\/2025\/05\/Que-hacer-en-Cali-1-768x512.jpg 768w, https:\/\/delirio.com.co\/wp-content\/uploads\/2025\/05\/Que-hacer-en-Cali-1-1536x1024.jpg 1536w, https:\/\/delirio.com.co\/wp-content\/uploads\/2025\/05\/Que-hacer-en-Cali-1-2048x1365.jpg 2048w, https:\/\/delirio.com.co\/wp-content\/uploads\/2025\/05\/Que-hacer-en-Cali-1-18x12.jpg 18w\" sizes=\"auto, (max-width: 1024px) 100vw, 1024px\" \/><figcaption class=\"wp-element-caption\">Paseo de la Aurora<br>Delirio, Cali, Colombia<\/figcaption><\/figure>\n<\/div>\n\n\n<div style=\"height:60px\" aria-hidden=\"true\" class=\"wp-block-spacer\"><\/div>\n\n\n\n<p class=\"has-black-color has-text-color has-link-color wp-elements-797394bdc746cab8c1b0dad1404d3d49\" style=\"font-size:17px\"><strong>Delirio a tu medida, eventos privados: en el evento que sue\u00f1as, el arte hace su magia<\/strong><\/p>\n\n\n\n<div style=\"height:30px\" aria-hidden=\"true\" class=\"wp-block-spacer\"><\/div>\n\n\n\n<p class=\"has-black-color has-text-color has-link-color wp-elements-0cc9bcf650727a64f3b29bf2b4f661a2\" style=\"font-size:17px\">Entendemos que cada celebraci\u00f3n es \u00fanica, por eso, con <strong>Delirio a Tu Medida<\/strong>, hacemos de tu evento so\u00f1ado una realidad.&nbsp;Contamos con un <strong>colectivo art\u00edstico multidisciplinario de alta calidad<\/strong> compuesto por bailarines, actores, artistas de circo y m\u00fasicos <strong>de talla internacional,<\/strong> con quienes creamos historias bailadas para alterar los sentidos. Nos ajustamos a tus necesidades de tama\u00f1o, presupuesto y duraci\u00f3n.<\/p>\n\n\n\n<div style=\"height:30px\" aria-hidden=\"true\" class=\"wp-block-spacer\"><\/div>\n\n\n<div class=\"wp-block-image\">\n<figure class=\"aligncenter size-large is-resized\"><img loading=\"lazy\" decoding=\"async\" width=\"1024\" height=\"683\" src=\"https:\/\/delirio.com.co\/wp-content\/uploads\/2025\/05\/Eventos-privados-en-Delirio-1024x683.jpg\" alt=\"\" class=\"wp-image-3070\" style=\"object-fit:contain;width:675px;height:470px\" srcset=\"https:\/\/delirio.com.co\/wp-content\/uploads\/2025\/05\/Eventos-privados-en-Delirio-1024x683.jpg 1024w, https:\/\/delirio.com.co\/wp-content\/uploads\/2025\/05\/Eventos-privados-en-Delirio-300x200.jpg 300w, https:\/\/delirio.com.co\/wp-content\/uploads\/2025\/05\/Eventos-privados-en-Delirio-768x512.jpg 768w, https:\/\/delirio.com.co\/wp-content\/uploads\/2025\/05\/Eventos-privados-en-Delirio-1536x1024.jpg 1536w, https:\/\/delirio.com.co\/wp-content\/uploads\/2025\/05\/Eventos-privados-en-Delirio-2048x1365.jpg 2048w, https:\/\/delirio.com.co\/wp-content\/uploads\/2025\/05\/Eventos-privados-en-Delirio-18x12.jpg 18w\" sizes=\"auto, (max-width: 1024px) 100vw, 1024px\" \/><figcaption class=\"wp-element-caption\">Delirio a tu medida | Evento privado lanzamiento Jetta<br>Carpa Delirio, Cali, Colombia<\/figcaption><\/figure>\n<\/div>\n\n\n<div style=\"height:60px\" aria-hidden=\"true\" class=\"wp-block-spacer\"><\/div>\n\n\n\n<p class=\"has-black-color has-text-color has-link-color wp-elements-ab061276441922cdcdc01564020b3fc4\" style=\"font-size:17px\"><strong>Paso Firme: el arte tiene el poder de transformarlo todo<\/strong><\/p>\n\n\n\n<div style=\"height:30px\" aria-hidden=\"true\" class=\"wp-block-spacer\"><\/div>\n\n\n\n<p class=\"has-black-color has-text-color has-link-color wp-elements-f07dc4f5864b831d59795a27cb0ae4d2\" style=\"font-size:17px\">Detr\u00e1s del brillo y la energ\u00eda del espect\u00e1culo, late un compromiso profundo con el desarrollo cultural de nuestra regi\u00f3n. <strong>Paso Firme<\/strong> es nuestra unidad de gesti\u00f3n cultural, la cual est\u00e1 encaminada a generar una comunidad que <strong>vea en la cultura un pilar fundamental para reconstruir el tejido social <\/strong>a trav\u00e9s de cuatro pilares fundamentales:<\/p>\n\n\n\n<ol class=\"wp-block-list\">\n<li class=\"has-black-color has-text-color has-link-color wp-elements-2a55bb3bcf966a5a90453a64d6e5e1b3\" style=\"font-size:17px\"><strong>Formaci\u00f3n a formadores:<\/strong> busca cualificar en sus oficios y como instructores a los distintos actores de la cadena de valor.<\/li>\n\n\n\n<li class=\"has-black-color has-text-color has-link-color wp-elements-03b3923a64eb183a1008ea41edd4fc99\" style=\"font-size:17px\"><strong>Intervenci\u00f3n de comunidades: <\/strong>utilizando el baile, el arte circense y la m\u00fasica como potencias transformadoras.<\/li>\n\n\n\n<li class=\"has-black-color has-text-color has-link-color wp-elements-f400819bc9621b4cd3c085bef75c67ca\" style=\"font-size:17px\"><strong>Investigaci\u00f3n de mercados: <\/strong>que proporcionen informaci\u00f3n relevante desde aspectos sociales y econ\u00f3micos, promuevan la reflexi\u00f3n y sirvan de base para desarrollar pol\u00edticas p\u00fablicas y estructurar proyectos.<\/li>\n\n\n\n<li class=\"has-black-color has-text-color has-link-color wp-elements-86e2ed4cb086e0a8886c615707599b85\" style=\"font-size:17px\"><strong>Estructuraci\u00f3n e implementaci\u00f3n de proyectos: <\/strong>que promuevan el desarrollo y la sustentabilidad del sector creativo cultural.<\/li>\n<\/ol>\n\n\n\n<div style=\"height:30px\" aria-hidden=\"true\" class=\"wp-block-spacer\"><\/div>\n\n\n<div class=\"wp-block-image\">\n<figure class=\"aligncenter size-large is-resized\"><img loading=\"lazy\" decoding=\"async\" width=\"1024\" height=\"683\" src=\"https:\/\/delirio.com.co\/wp-content\/uploads\/2025\/05\/Gestion-cultural-1024x683.jpg\" alt=\"\" class=\"wp-image-3071\" style=\"object-fit:cover;width:675px;height:470px\" srcset=\"https:\/\/delirio.com.co\/wp-content\/uploads\/2025\/05\/Gestion-cultural-1024x683.jpg 1024w, https:\/\/delirio.com.co\/wp-content\/uploads\/2025\/05\/Gestion-cultural-300x200.jpg 300w, https:\/\/delirio.com.co\/wp-content\/uploads\/2025\/05\/Gestion-cultural-768x512.jpg 768w, https:\/\/delirio.com.co\/wp-content\/uploads\/2025\/05\/Gestion-cultural-1536x1024.jpg 1536w, https:\/\/delirio.com.co\/wp-content\/uploads\/2025\/05\/Gestion-cultural-2048x1365.jpg 2048w, https:\/\/delirio.com.co\/wp-content\/uploads\/2025\/05\/Gestion-cultural-18x12.jpg 18w\" sizes=\"auto, (max-width: 1024px) 100vw, 1024px\" \/><figcaption class=\"wp-element-caption\">Graduaci\u00f3n programa Danza y mediaci\u00f3n<br>Delirio, Cali, Colombia<\/figcaption><\/figure>\n<\/div>\n\n\n<div style=\"height:60px\" aria-hidden=\"true\" class=\"wp-block-spacer\"><\/div>\n\n\n\n<p class=\"has-black-color has-text-color has-link-color wp-elements-b03a989900a9aa2aaa95a452909702b6\" style=\"font-size:17px\">As\u00ed que, la pr\u00f3xima vez que pienses en Delirio, recuerda que <strong>somos salsa y alguito m\u00e1s <\/strong>porque han sido casi dos d\u00e9cadas llenas de relatos que siguen haciendo historia, donde <strong>los artistas son nuestro gran motor<\/strong> y junto a un colectivo de 500 personas creamos un motivo de orgullo para Cali y el Valle del Cauca.&nbsp;<\/p>\n\n\n\n<p class=\"has-black-color has-text-color has-link-color wp-elements-56aef175449490646a0e38b792e69cb0\" style=\"font-size:17px\">Adem\u00e1s, <strong>somos salsa y alguito m\u00e1s<\/strong> porque m\u00e1s de 640 mil espectadores han vivido los 16 montajes de Delirio, bien sea en su <strong>Complejo Cultural de 30 mil metros cuadrados, o en las m\u00e1s de 500 presentaciones que han trascendido fronteras locales y que han llegado a 21 pa\u00edses <\/strong>con un espect\u00e1culo que tiene el sello de Hecho en Cali y se convirti\u00f3 en s\u00edmbolo de una ciudad cuyo lenguaje es el baile.&nbsp;&nbsp;<\/p>\n\n\n\n<p class=\"has-black-color has-text-color has-link-color wp-elements-c5f6574997e68b086d84b3161a6e96fb\" style=\"font-size:17px\">As\u00ed entonces, <strong>somos salsa y alguito m\u00e1s, <\/strong>somos una empresa de la industria creativa que se caracteriza por la innovaci\u00f3n permanente, que dinamiza el turismo cultural en Cali y el Valle del Cauca y que contribuye al liderazgo de nuestra regi\u00f3n como un destino tur\u00edstico patrimonial, como escenario habilitado de las artes esc\u00e9nicas y como <strong>el espect\u00e1culo de salsa cale\u00f1a m\u00e1s grande del mundo.<\/strong><\/p>\n\n\n\n<div style=\"height:30px\" aria-hidden=\"true\" class=\"wp-block-spacer\"><\/div>\n\n\n\n<p class=\"has-text-align-center has-black-color has-text-color has-link-color wp-elements-fc85a003c692737e7705bb06f6f1b758\" style=\"font-size:17px\"><strong>Somos salsa y alguito m\u00e1s, pero a ella le debemos todo lo que somos.<\/strong><\/p>\n\n\n\n<div style=\"height:30px\" aria-hidden=\"true\" class=\"wp-block-spacer\"><\/div>\n\n\n<div class=\"wp-block-image\">\n<figure class=\"aligncenter size-large is-resized\"><img loading=\"lazy\" decoding=\"async\" width=\"1024\" height=\"683\" src=\"https:\/\/delirio.com.co\/wp-content\/uploads\/2025\/05\/Lugares-turisticos-en-Cali-1024x683.jpg\" alt=\"\" class=\"wp-image-3072\" style=\"object-fit:cover;width:675px;height:470px\" srcset=\"https:\/\/delirio.com.co\/wp-content\/uploads\/2025\/05\/Lugares-turisticos-en-Cali-1024x683.jpg 1024w, https:\/\/delirio.com.co\/wp-content\/uploads\/2025\/05\/Lugares-turisticos-en-Cali-300x200.jpg 300w, https:\/\/delirio.com.co\/wp-content\/uploads\/2025\/05\/Lugares-turisticos-en-Cali-768x512.jpg 768w, https:\/\/delirio.com.co\/wp-content\/uploads\/2025\/05\/Lugares-turisticos-en-Cali-1536x1024.jpg 1536w, https:\/\/delirio.com.co\/wp-content\/uploads\/2025\/05\/Lugares-turisticos-en-Cali-2048x1365.jpg 2048w, https:\/\/delirio.com.co\/wp-content\/uploads\/2025\/05\/Lugares-turisticos-en-Cali-18x12.jpg 18w\" sizes=\"auto, (max-width: 1024px) 100vw, 1024px\" \/><figcaption class=\"wp-element-caption\">Carpa Delirio<br>Cali, Colombia<\/figcaption><\/figure>\n<\/div>\n\n\n<p><\/p>\n\n\n\n<p><\/p>","protected":false},"excerpt":{"rendered":"<p>Cuando la gente piensa en Cali, es inevitable que la salsa sea lo primero que viene a su mente. No es casualidad que se nos conozca como la capital mundial de la salsa, ni que la salsa cale\u00f1a haya sido reconocida como patrimonio cultural e inmaterial de Colombia.\u00a0 En ese escenario nace Delirio: el espect\u00e1culo&hellip;<\/p>","protected":false},"author":1,"featured_media":3081,"comment_status":"open","ping_status":"open","sticky":false,"template":"","format":"standard","meta":{"content-type":"","footnotes":""},"categories":[10],"tags":[13,30,32,27,28,29,26],"class_list":["post-3065","post","type-post","status-publish","format-standard","has-post-thumbnail","hentry","category-actualidad","tag-cali","tag-cali-salsa","tag-el-mejor-show-de-salsa","tag-planes-en-cali","tag-que-hacer-en-cali-2","tag-show-de-salsa-en-cali","tag-turismo-cali"],"_links":{"self":[{"href":"https:\/\/delirio.com.co\/en\/wp-json\/wp\/v2\/posts\/3065","targetHints":{"allow":["GET"]}}],"collection":[{"href":"https:\/\/delirio.com.co\/en\/wp-json\/wp\/v2\/posts"}],"about":[{"href":"https:\/\/delirio.com.co\/en\/wp-json\/wp\/v2\/types\/post"}],"author":[{"embeddable":true,"href":"https:\/\/delirio.com.co\/en\/wp-json\/wp\/v2\/users\/1"}],"replies":[{"embeddable":true,"href":"https:\/\/delirio.com.co\/en\/wp-json\/wp\/v2\/comments?post=3065"}],"version-history":[{"count":7,"href":"https:\/\/delirio.com.co\/en\/wp-json\/wp\/v2\/posts\/3065\/revisions"}],"predecessor-version":[{"id":3079,"href":"https:\/\/delirio.com.co\/en\/wp-json\/wp\/v2\/posts\/3065\/revisions\/3079"}],"wp:featuredmedia":[{"embeddable":true,"href":"https:\/\/delirio.com.co\/en\/wp-json\/wp\/v2\/media\/3081"}],"wp:attachment":[{"href":"https:\/\/delirio.com.co\/en\/wp-json\/wp\/v2\/media?parent=3065"}],"wp:term":[{"taxonomy":"category","embeddable":true,"href":"https:\/\/delirio.com.co\/en\/wp-json\/wp\/v2\/categories?post=3065"},{"taxonomy":"post_tag","embeddable":true,"href":"https:\/\/delirio.com.co\/en\/wp-json\/wp\/v2\/tags?post=3065"}],"curies":[{"name":"wp","href":"https:\/\/api.w.org\/{rel}","templated":true}]}}