{"id":1697,"date":"2023-10-25T16:09:10","date_gmt":"2023-10-25T16:09:10","guid":{"rendered":"https:\/\/delirio.com.co\/?p=1697"},"modified":"2023-10-25T17:09:51","modified_gmt":"2023-10-25T17:09:51","slug":"la-historia-detras-de-las-tradiciones-decembrinas-mas-amadas-por-los-calenos","status":"publish","type":"post","link":"https:\/\/delirio.com.co\/en\/2023\/10\/25\/la-historia-detras-de-las-tradiciones-decembrinas-mas-amadas-por-los-calenos\/","title":{"rendered":"La historia detr\u00e1s de las tradiciones decembrinas m\u00e1s amadas por\u00a0los\u00a0cale\u00f1os"},"content":{"rendered":"<p class=\"has-black-color has-text-color\" style=\"font-size:17px\">Cali siempre ha sido una ciudad alegre, pero sin duda el apogeo de este sentimiento se vive en diciembre, cuando toda la ciudad vibra con una energ\u00eda muy especial, la energ\u00eda de las fiestas navide\u00f1as y de ese fin de a\u00f1o que es tan celebrado en nuestra ciudad.<\/p>\n\n\n\n<p class=\"has-black-color has-text-color\" style=\"font-size:17px\">Esta \u00e9poca decembrina no ser\u00eda igual sin las tradiciones que siempre la han marcado y que van preparando a sus habitantes para cerrar el a\u00f1o y darle la bienvenida a otro. Hoy vamos a conocer la fascinante historia detr\u00e1s de las tradiciones decembrinas que no pueden faltar en un diciembre cale\u00f1o.<\/p>\n\n\n\n<div style=\"height:12px\" aria-hidden=\"true\" class=\"wp-block-spacer\"><\/div>\n\n\n<div class=\"wp-block-image\">\n<figure class=\"aligncenter size-full is-resized\"><img loading=\"lazy\" decoding=\"async\" width=\"940\" height=\"788\" src=\"https:\/\/delirio.com.co\/wp-content\/uploads\/2023\/10\/4.png\" alt=\"\" class=\"wp-image-1594\" style=\"object-fit:cover;width:768px;height:512px\" srcset=\"https:\/\/delirio.com.co\/wp-content\/uploads\/2023\/10\/4.png 940w, https:\/\/delirio.com.co\/wp-content\/uploads\/2023\/10\/4-300x251.png 300w, https:\/\/delirio.com.co\/wp-content\/uploads\/2023\/10\/4-768x644.png 768w\" sizes=\"auto, (max-width: 940px) 100vw, 940px\" \/><figcaption class=\"wp-element-caption\">Delirio, Cali, Colombia<\/figcaption><\/figure>\n<\/div>\n\n\n<div style=\"height:45px\" aria-hidden=\"true\" class=\"wp-block-spacer\"><\/div>\n\n\n\n<p class=\"has-black-color has-text-color\" style=\"font-size:17px;font-style:normal;font-weight:900\"><strong>Los diablitos &#8211; 30 de octubre<\/strong><\/p>\n\n\n\n<p class=\"has-black-color has-text-color\" style=\"font-size:17px\">Desde este mes ya se sabe que se termina el a\u00f1o en Cali, pues los tambores de los diablitos anuncian que las fiestas de diciembre est\u00e1n a la vuelta de la esquina. Los diablitos o los diablitos de Silo\u00e9, son una tradici\u00f3n muy particular que todos los cale\u00f1os recordamos, pero \u00bfqu\u00e9 tanto sabes sobre su or\u00edgen?<\/p>\n\n\n\n<p class=\"has-black-color has-text-color\" style=\"font-size:17px\">Esta tradici\u00f3n tiene alrededor de un siglo de existencia, pues se cree que inici\u00f3 aproximadamente en 1916. Seg\u00fan cuentan los habitantes del barrio, el 24 de diciembre de este a\u00f1o un grupo de j\u00f3venes (algunos dicen que eran mineros de carb\u00f3n) del sector estaban de fiesta y tocando instrumentos cuando se les acab\u00f3 el licor. Bajaron entonces por las empinadas calles de Silo\u00e9 hacia la calle quinta para buscar m\u00e1s licor, haciendo algarab\u00eda, cantando y tocando sus instrumentos. La gente, conmocionada de verlos tan alegres, les iba tirando monedas a su paso, con lo cual pudieron recolectar m\u00e1s dinero para seguir la fiesta. Ellos, emocionados, volvieron a contarle a sus compa\u00f1eros del barrio y as\u00ed naci\u00f3 la tradici\u00f3n.&nbsp;<\/p>\n\n\n\n<p class=\"has-black-color has-text-color\" style=\"font-size:17px\">Hoy en d\u00eda, los diablitos se conforman de grupos de 4 a 6 integrantes, que desde el 31 de octubre recorren nuestras calles disfrazados de distintos personajes incluyendo diablos, muertes, y culonas. Pasan en bullaranga con sus coladores de caf\u00e9 que hacen las veces de monederos, pidiendo monedas en sus comparsas para que diciembre no los coja con los bolsillos vac\u00edos. Una tradici\u00f3n muy cale\u00f1a que adem\u00e1s se considera uno de los carnavales naturales m\u00e1s extensos del mundo.&nbsp;<\/p>\n\n\n\n<div style=\"height:12px\" aria-hidden=\"true\" class=\"wp-block-spacer\"><\/div>\n\n\n<div class=\"wp-block-image\">\n<figure class=\"aligncenter size-large is-resized\"><img loading=\"lazy\" decoding=\"async\" width=\"1024\" height=\"576\" src=\"https:\/\/delirio.com.co\/wp-content\/uploads\/2023\/10\/diablitos31-1024x576.png\" alt=\"\" class=\"wp-image-1713\" style=\"object-fit:cover;width:768px;height:512px\" title=\"Los Diablitos de Silo\u00e9\" srcset=\"https:\/\/delirio.com.co\/wp-content\/uploads\/2023\/10\/diablitos31-1024x576.png 1024w, https:\/\/delirio.com.co\/wp-content\/uploads\/2023\/10\/diablitos31-300x169.png 300w, https:\/\/delirio.com.co\/wp-content\/uploads\/2023\/10\/diablitos31-768x432.png 768w, https:\/\/delirio.com.co\/wp-content\/uploads\/2023\/10\/diablitos31-1536x864.png 1536w, https:\/\/delirio.com.co\/wp-content\/uploads\/2023\/10\/diablitos31.png 1920w\" sizes=\"auto, (max-width: 1024px) 100vw, 1024px\" \/><figcaption class=\"wp-element-caption\">Los Diablitos de Silo\u00e9<br>Tomada de Canal CaliTV<\/figcaption><\/figure>\n<\/div>\n\n\n<div style=\"height:45px\" aria-hidden=\"true\" class=\"wp-block-spacer\"><\/div>\n\n\n\n<p class=\"has-black-color has-text-color\" style=\"font-size:17px;font-style:normal;font-weight:900\"><strong>El d\u00eda de las velitas (Bailable) &#8211; 7 de diciembre<\/strong><\/p>\n\n\n\n<p class=\"has-black-color has-text-color\" style=\"font-size:17px\">Esta es una tradici\u00f3n de origen religioso que se celebra en todo Colombia, pero en Cali tiene una gran acogida entre todas las personas, pues es una gran excusa para reunirse con la familia a hablar, disfrutar, planear las vacaciones navide\u00f1as y los parches de la Feria. Mam\u00e1 cale\u00f1a que se respete, ya tiene armada su decoraci\u00f3n de Navidad antes del d\u00eda de las velitas, lista para recibir a toda la familia con natilla, bu\u00f1uelos y m\u00e1s.<\/p>\n\n\n\n<p class=\"has-black-color has-text-color\" style=\"font-size:17px\">Esta tradici\u00f3n consiste en prender velas y faroles, en el patio, el balc\u00f3n o la acera de la casa, para honrar a la Virgen Mar\u00eda y su Inmaculada Concepci\u00f3n. Normalmente con cada vela que se enciende se le hace una petici\u00f3n especial a la <em>Virgencita<\/em>.<\/p>\n\n\n\n<p class=\"has-black-color has-text-color\" style=\"font-size:17px\">Sin embargo en Cali le damos un toque muy especial: para muchos hogares el baile es un ingrediente que no puede faltar en esta celebraci\u00f3n. Al ritmo de cl\u00e1sicos decembrinos y muy cercanos al coraz\u00f3n cale\u00f1o como \u2018Bella Es La Navidad\u2019 de Richie Ray y Bobby Cruz, \u2018Cali Aj\u00ed\u2019 del Grupo Niche o \u00b4Las Cale\u00f1as\u00b4de Pastor L\u00f3pez, se da inicio a las celebraciones de diciembre.&nbsp;<\/p>\n\n\n\n<p class=\"has-black-color has-text-color\" style=\"font-size:17px\">En el caso de los m\u00e1s peque\u00f1os, el d\u00eda de las velitas es una excusa para jugar con sus amigos y primos y por supuesto, para competir por qui\u00e9n hace la bola de cera m\u00e1s impresionante con los restos de la velada.&nbsp;<\/p>\n\n\n\n<p class=\"has-black-color has-text-color\" style=\"font-size:17px\">Definitivamente, es una tradici\u00f3n que disfrutan cale\u00f1os de todas las edades.<\/p>\n\n\n\n<div style=\"height:12px\" aria-hidden=\"true\" class=\"wp-block-spacer\"><\/div>\n\n\n<div class=\"wp-block-image\">\n<figure class=\"aligncenter size-full is-resized\"><img loading=\"lazy\" decoding=\"async\" width=\"980\" height=\"590\" src=\"https:\/\/delirio.com.co\/wp-content\/uploads\/2023\/10\/KCVSIQCXTVGMPCE2XMRGJP4GMU.jpg\" alt=\"\" class=\"wp-image-1722\" style=\"object-fit:cover;width:768px;height:512px\" srcset=\"https:\/\/delirio.com.co\/wp-content\/uploads\/2023\/10\/KCVSIQCXTVGMPCE2XMRGJP4GMU.jpg 980w, https:\/\/delirio.com.co\/wp-content\/uploads\/2023\/10\/KCVSIQCXTVGMPCE2XMRGJP4GMU-300x181.jpg 300w, https:\/\/delirio.com.co\/wp-content\/uploads\/2023\/10\/KCVSIQCXTVGMPCE2XMRGJP4GMU-768x462.jpg 768w\" sizes=\"auto, (max-width: 980px) 100vw, 980px\" \/><figcaption class=\"wp-element-caption\">D\u00eda de las velitas<br>Tomada de ElPa\u00eds.com<\/figcaption><\/figure>\n<\/div>\n\n\n<div style=\"height:45px\" aria-hidden=\"true\" class=\"wp-block-spacer\"><\/div>\n\n\n\n<p class=\"has-black-color has-text-color\" style=\"font-size:17px;font-style:normal;font-weight:900\"><strong>Novenas de Navidad (Bailables) &#8211; 16 a 24 de diciembre&nbsp;<\/strong><\/p>\n\n\n\n<p class=\"has-black-color has-text-color\" style=\"font-size:17px\">Las novenas de Navidad son otra actividad practicada en la mayor\u00eda de los hogares colombianos, y que en Cali tienen la distinci\u00f3n de trascender la religi\u00f3n y volverse en una celebraci\u00f3n m\u00e1s de la \u00e9poca. Es una tradici\u00f3n muy antigua que se extendi\u00f3 a pa\u00edses vecinos como Ecuador y Venezuela pero tiene sus or\u00edgenes en Colombia del siglo XVIII.<\/p>\n\n\n\n<p class=\"has-black-color has-text-color\" style=\"font-size:17px\">Puntualmente, fue en 1784, en Santaf\u00e9 de Bogot\u00e1, que imprimieron la primera Novena para el aguinaldo, escrita por el sacerdote franciscano Fernando de Jes\u00fas Larrea. Este fraile desarroll\u00f3 su labor religiosa en Quito, Popay\u00e1n, Cali y la capital del virreinato, y manten\u00eda contacto con la comunidad franciscana. Se dice que la solicitud vino de Clemencia Caicedo, una de sus corresponsales. Esta Novena marc\u00f3 el inicio de una tradici\u00f3n navide\u00f1a que los colombianos siguen celebrando casi 250 a\u00f1os despu\u00e9s.<\/p>\n\n\n\n<p class=\"has-black-color has-text-color\" style=\"font-size:17px\">Siguiendo los principios de las \u00f3rdenes mendicantes desde la Edad Media, Larrea escribi\u00f3 una oraci\u00f3n en la que las personas se entregan a Dios, ofreci\u00e9ndole \u00abpobreza, humildad y virtudes similares\u00bb siguiendo el ejemplo de Cristo, tal como ense\u00f1\u00f3 San Francisco en el siglo XIII. Esto lo vemos en la oraci\u00f3n que se reza durante m\u00e1s de dos siglos en la celebraci\u00f3n de la Navidad.<\/p>\n\n\n\n<p class=\"has-black-color has-text-color\" style=\"font-size:17px\">La novena de Navidad cambi\u00f3 con la llegada de la modernidad gracias a Bertilda Mar\u00eda Ignacia Samper Acosta. Ella era hija de los escritores Jos\u00e9 Mar\u00eda Samper y Soledad Acosta, y tambi\u00e9n hab\u00eda estudiado en el Colegio de La Ense\u00f1anza, fundado por Clemencia Caicedo. En 1896, se uni\u00f3 a las monjas clarisas, la rama femenina de la comunidad franciscana.<\/p>\n\n\n\n<p class=\"has-black-color has-text-color\" style=\"font-size:17px\">En 1910, poco despu\u00e9s de su muerte, se public\u00f3 una versi\u00f3n moderna de la Novena de Aguinaldos. En esta nueva edici\u00f3n, se cambiaron las m\u00e9tricas de las canciones y se actualiz\u00f3 el lenguaje. Siguiendo la esencia de la edici\u00f3n original, se agregaron referencias a las ant\u00edfonas mayores, cantos lit\u00fargicos que se utilizan desde la Edad Media para preparar la venida de Cristo.<\/p>\n\n\n\n<p class=\"has-black-color has-text-color\" style=\"font-size:17px\">En la actualidad, la novena trascendi\u00f3 lo religioso y se convirti\u00f3 en una reivindicaci\u00f3n del folclor, la identidad y la familia colombiana. En el caso de Cali, tambi\u00e9n se fusion\u00f3 con la cultura musical local y se convirti\u00f3 en un momento oportuno para compartir en familia a trav\u00e9s del baile, la m\u00fasica y uno que otro traguito. Por eso en muchos hogares se realizan las \u2018novenas bailables\u2019 que como su nombre se indica, tienen un segundo acto que consiste en un gran baile familiar al ritmo de los cl\u00e1sicos de la salsa, pero tambi\u00e9n el merengue, la salsa choke y los dem\u00e1s ritmos latinos.&nbsp;<\/p>\n\n\n\n<div style=\"height:12px\" aria-hidden=\"true\" class=\"wp-block-spacer\"><\/div>\n\n\n<div class=\"wp-block-image\">\n<figure class=\"aligncenter size-full is-resized\"><img loading=\"lazy\" decoding=\"async\" width=\"640\" height=\"428\" src=\"https:\/\/delirio.com.co\/wp-content\/uploads\/2023\/10\/639368362df7d.jpeg\" alt=\"\" class=\"wp-image-1725\" style=\"object-fit:cover;width:768px;height:512px\" srcset=\"https:\/\/delirio.com.co\/wp-content\/uploads\/2023\/10\/639368362df7d.jpeg 640w, https:\/\/delirio.com.co\/wp-content\/uploads\/2023\/10\/639368362df7d-300x201.jpeg 300w\" sizes=\"auto, (max-width: 640px) 100vw, 640px\" \/><figcaption class=\"wp-element-caption\">Novena de aguinaldos<br>Tomada de ElTiempo.com<\/figcaption><\/figure>\n<\/div>\n\n\n<div style=\"height:45px\" aria-hidden=\"true\" class=\"wp-block-spacer\"><\/div>\n\n\n\n<p class=\"has-black-color has-text-color\" style=\"font-size:17px;font-style:normal;font-weight:900\"><strong>La Feria de Cali &#8211; 25 al 30 de diciembre&nbsp;<\/strong><\/p>\n\n\n\n<p class=\"has-black-color has-text-color\" style=\"font-size:17px\">La Feria de Cali, el evento que re\u00fane a toda una ciudad en cinco d\u00edas de \u00e9xtasis, goce y por supuesto, salsa. Cada a\u00f1o, alrededor de 60 mil turistas de todo Colombia y el mundo llegan espec\u00edficamente a vivir una experiencia de feria como ninguna otra.<\/p>\n\n\n\n<p class=\"has-black-color has-text-color\" style=\"font-size:17px\">\u00bfPero cu\u00e1ntos de estos miles de visitantes realmente conocen la historia de la Feria? Se podr\u00eda decir que muy poco, incluso hay muchos cale\u00f1os que cada a\u00f1o la gozan sin conocer su historia. Pues aqu\u00ed les vamos a contar de qu\u00e9 se trata.<\/p>\n\n\n\n<p class=\"has-black-color has-text-color\" style=\"font-size:17px\">Primero que todo, la Feria de Cali no siempre ha tenido este nombre. Inicialmente se conoc\u00eda como la Feria de la Ca\u00f1a, y coincide con la inauguraci\u00f3n de la Plaza de Toros en 1957. Aqu\u00ed la historia divaga un poco y se sabe de dos versiones principales:<\/p>\n\n\n\n<p class=\"has-black-color has-text-color\" style=\"font-size:17px\">La primera, afirma que la Feria nace como una forma de subir el \u00e1nimo colectivo de los cale\u00f1os despu\u00e9s de la fat\u00eddica explosi\u00f3n del 7 de agosto de ese mismo a\u00f1o. Ese d\u00eda, alrededor de 4 mil personas perdieron la vida cuando un convoy militar cargado de dinamita estall\u00f3 en las inmediaciones de la antigua estaci\u00f3n del ferrocarril, lo cual caus\u00f3 conmoci\u00f3n y tristeza en la ciudad. Por este motivo, se tiene la hip\u00f3tesis de que se cre\u00f3 la Feria para alejar la tristeza que hab\u00eda dejado el recuerdo de esta tragedia.&nbsp;<\/p>\n\n\n\n<p class=\"has-black-color has-text-color\" style=\"font-size:17px\">La segunda, afirma que la Feria fue la creaci\u00f3n de empresarios de la ciudad quienes la crearon como un evento de un mes para inaugurar la Plaza de Toros y debido a su \u00e9xito, se repiti\u00f3 en a\u00f1os sucesivos. El hecho es que el gobernador de la \u00e9poca nombr\u00f3 a Joaqu\u00edn Paz Borrero como el organizador del evento, donde hubo un desfile, reinado, comparsas, cabalgatas y muchas corridas de toros.&nbsp;<\/p>\n\n\n\n<p class=\"has-black-color has-text-color\" style=\"font-size:17px\">Para entender el nacimiento de la Feria es importante entender el contexto de la \u00e9poca. En ese momento Cali era una ciudad que crec\u00eda a pasos agigantados y pose\u00eda amplios recursos econ\u00f3micos por el auge de la industria azucarera, lo cual permiti\u00f3 que con la Gobernaci\u00f3n del Valle, la Alcald\u00eda y los recursos aportados por privados, se desarrollar\u00e1 el evento.&nbsp;<\/p>\n\n\n\n<p class=\"has-black-color has-text-color\" style=\"font-size:17px\">Desde sus primeros a\u00f1os de existencia, la salsa se impregn\u00f3 en la Feria y ambas se volvieron un sello de identidad de la ciudad y del alma de los cale\u00f1os, teniendo su apogeo con Riche Ray y Bobby Cruz.&nbsp; Fueron ellos quienes abrieron las puertas de la Salsa en Cali para personas de todos los estratos sociales cuando fueron invitados a la Feria de 1968. Mientras miles de personas de la barriada los recibieron en su llegada a Calipuerto, la burgues\u00eda los descubri\u00f3 en el concierto donde abrieron con la canci\u00f3n \u201cLo atara la arach\u00e9\u201d y a partir de ah\u00ed la identidad cale\u00f1a se fusion\u00f3 con la salsa hasta el sol de hoy.&nbsp;<\/p>\n\n\n\n<p class=\"has-black-color has-text-color\" style=\"font-size:17px\">En la actualidad, la Feria es nuestra fiesta mayor. Son cinco d\u00edas seguidos donde la identidad cale\u00f1a se condensa y destila en cada hogar, en cada barrio, en cada verbena. Desde encuentros de mel\u00f3manos y coleccionistas a conciertos de gran formato, en la Feria hay algo para todos los gustos y todas las edades. Sin embargo, sin duda Feria sin salsa no es Feria.<\/p>\n\n\n\n<p class=\"has-black-color has-text-color\" style=\"font-size:17px\">Y en medio de esta fiesta de las fiestas, desde hace 17 a\u00f1os se encuentra Delirio, el espect\u00e1culo que reivindicando la cultura popular cale\u00f1a ha logrado meterse en el coraz\u00f3n de cada uno de nosotros.&nbsp;<\/p>\n\n\n\n<p class=\"has-black-color has-text-color\" style=\"font-size:17px\">Por esto este a\u00f1o, queremos invitarte a nuestra Edici\u00f3n Especial de Feria, donde al ritmo de las canciones que nos han puesto a bailar cada fin de a\u00f1o y acompa\u00f1ados de un sentido homenaje al maestro Jairo Varela y su Grupo Niche, apelaremos a la nostalgia de quienes no viven en nuestra ciudad pero no pueden evitar recorrer sus pasos cada a\u00f1o; a la alegr\u00eda de los que estamos aqu\u00ed y que entre el 25 y el 31 de diciembre limpiamos nuestros pesares a punta de baile para empezar un nuevo a\u00f1o recargados y a cada uno de los turistas a quienes recibimos con los brazos abiertos cuando vienen a la sucursal del cielo para vivir en carne propia ese mito que reza que \u201cCali es Cali se\u00f1oras, se\u00f1ores, lo dem\u00e1s es loma\u201d.<\/p>\n\n\n\n<div style=\"height:12px\" aria-hidden=\"true\" class=\"wp-block-spacer\"><\/div>\n\n\n<div class=\"wp-block-image\">\n<figure class=\"aligncenter size-large is-resized\"><img loading=\"lazy\" decoding=\"async\" width=\"1024\" height=\"683\" src=\"https:\/\/delirio.com.co\/wp-content\/uploads\/2023\/10\/108-1-1-1024x683.jpg\" alt=\"\" class=\"wp-image-1779\" style=\"object-fit:cover;width:768px;height:512px\" srcset=\"https:\/\/delirio.com.co\/wp-content\/uploads\/2023\/10\/108-1-1-1024x683.jpg 1024w, https:\/\/delirio.com.co\/wp-content\/uploads\/2023\/10\/108-1-1-300x200.jpg 300w, https:\/\/delirio.com.co\/wp-content\/uploads\/2023\/10\/108-1-1-768x512.jpg 768w, https:\/\/delirio.com.co\/wp-content\/uploads\/2023\/10\/108-1-1-1536x1024.jpg 1536w, https:\/\/delirio.com.co\/wp-content\/uploads\/2023\/10\/108-1-1-2048x1365.jpg 2048w\" sizes=\"auto, (max-width: 1024px) 100vw, 1024px\" \/><figcaption class=\"wp-element-caption\">Edici\u00f3n especial Feria de Cali 2022<br>Delirio, Cali, Colombia<\/figcaption><\/figure>\n<\/div>","protected":false},"excerpt":{"rendered":"<p>Cali siempre ha sido una ciudad alegre, pero sin duda el apogeo de este sentimiento se vive en diciembre, cuando toda la ciudad vibra con una energ\u00eda muy especial, la energ\u00eda de las fiestas navide\u00f1as y de ese fin de a\u00f1o que es tan celebrado en nuestra ciudad. Esta \u00e9poca decembrina no ser\u00eda igual sin&hellip;<\/p>","protected":false},"author":1,"featured_media":1755,"comment_status":"open","ping_status":"open","sticky":false,"template":"","format":"standard","meta":{"content-type":"","footnotes":""},"categories":[10],"tags":[13,16,18,14,17,15],"class_list":["post-1697","post","type-post","status-publish","format-standard","has-post-thumbnail","hentry","category-actualidad","tag-cali","tag-delirio-hecho-en-cali","tag-destino-turistico","tag-feria-del-cali","tag-que-hacer-en-cali","tag-salsa-calena"],"_links":{"self":[{"href":"https:\/\/delirio.com.co\/en\/wp-json\/wp\/v2\/posts\/1697","targetHints":{"allow":["GET"]}}],"collection":[{"href":"https:\/\/delirio.com.co\/en\/wp-json\/wp\/v2\/posts"}],"about":[{"href":"https:\/\/delirio.com.co\/en\/wp-json\/wp\/v2\/types\/post"}],"author":[{"embeddable":true,"href":"https:\/\/delirio.com.co\/en\/wp-json\/wp\/v2\/users\/1"}],"replies":[{"embeddable":true,"href":"https:\/\/delirio.com.co\/en\/wp-json\/wp\/v2\/comments?post=1697"}],"version-history":[{"count":22,"href":"https:\/\/delirio.com.co\/en\/wp-json\/wp\/v2\/posts\/1697\/revisions"}],"predecessor-version":[{"id":1780,"href":"https:\/\/delirio.com.co\/en\/wp-json\/wp\/v2\/posts\/1697\/revisions\/1780"}],"wp:featuredmedia":[{"embeddable":true,"href":"https:\/\/delirio.com.co\/en\/wp-json\/wp\/v2\/media\/1755"}],"wp:attachment":[{"href":"https:\/\/delirio.com.co\/en\/wp-json\/wp\/v2\/media?parent=1697"}],"wp:term":[{"taxonomy":"category","embeddable":true,"href":"https:\/\/delirio.com.co\/en\/wp-json\/wp\/v2\/categories?post=1697"},{"taxonomy":"post_tag","embeddable":true,"href":"https:\/\/delirio.com.co\/en\/wp-json\/wp\/v2\/tags?post=1697"}],"curies":[{"name":"wp","href":"https:\/\/api.w.org\/{rel}","templated":true}]}}